{"id":7332,"date":"2017-08-04T12:04:00","date_gmt":"2017-08-04T15:04:00","guid":{"rendered":"http:\/\/metropolitana.org.ar\/idm\/?p=7332"},"modified":"2017-09-06T10:57:44","modified_gmt":"2017-09-06T13:57:44","slug":"aleandra-scafati-lo-regional-es-la-unica-forma-de-resolver-problematicas-de-gran-escala","status":"publish","type":"post","link":"https:\/\/metropolitana.org.ar\/idm\/aleandra-scafati-lo-regional-es-la-unica-forma-de-resolver-problematicas-de-gran-escala\/","title":{"rendered":"Aleandra Scafati: \u201cLo regional es la \u00fanica forma de resolver problem\u00e1ticas de gran escala\u201d"},"content":{"rendered":"<p><img loading=\"lazy\" decoding=\"async\" class=\"size-medium wp-image-7333 alignleft\" src=\"http:\/\/metropolitana.org.ar\/idm\/wp-content\/uploads\/2017\/08\/AleandraScafati-S-292x300.jpg\" alt=\"KAMI\" width=\"292\" height=\"300\" srcset=\"https:\/\/metropolitana.org.ar\/idm\/wp-content\/uploads\/2017\/08\/AleandraScafati-S-292x300.jpg 292w, https:\/\/metropolitana.org.ar\/idm\/wp-content\/uploads\/2017\/08\/AleandraScafati-S-768x790.jpg 768w, https:\/\/metropolitana.org.ar\/idm\/wp-content\/uploads\/2017\/08\/AleandraScafati-S-996x1024.jpg 996w, https:\/\/metropolitana.org.ar\/idm\/wp-content\/uploads\/2017\/08\/AleandraScafati-S.jpg 2000w\" sizes=\"auto, (max-width: 292px) 100vw, 292px\" \/><\/p>\n<p style=\"text-align: justify;\"><strong>Informe Digital Metropolitano: \u00bfC\u00f3mo funciona el programa de reconversi\u00f3n tecnol\u00f3gica de vertidos industriales?<\/strong><\/p>\n<p style=\"text-align: justify;\"><strong>Aleandra Scafati:<\/strong> Ese programa naci\u00f3 con la idea de poder acompa\u00f1ar la transformaci\u00f3n tecnol\u00f3gica de las industrias que es s\u00faper necesaria. Hace muchos a\u00f1os que en Argentina no se invierte en nuevas tecnolog\u00edas para el tratamiento de vertidos industriales y es una problem\u00e1tica general de todas las cuencas. El primer intento fue acompa\u00f1ar a la Autoridad Del Agua (ADA) en alguna de las cuencas en las que est\u00e1n trabajando, despu\u00e9s se sum\u00f3 ACUMAR.<\/p>\n<p style=\"text-align: justify;\">ADA es la autoridad que hace las auditor\u00edas y las visitas t\u00e9cnicas, junto con AIDIS (una ONG de profesionales sanitaristas). Una vez que se ponen de acuerdo, llegan a BA las carpetas y nosotros les encontramos la mejor l\u00ednea de financiamiento acorde al tipo jur\u00eddico. \u00a0Hoy estamos trabajando con 41 empresas. Hemos tratado de hacerlo f\u00e1cil y accesible. En vez que nos presenten 80 balances y nosotros hagamos los c\u00e1lculos, armamos un sistema de indicadores que es como el piso, para ver en qu\u00e9 tipo de financiamiento entran. El proceso lo hacen las propias empresas por medio de una declaraci\u00f3n jurada en la que incluyen 15 indicadores. Este sistema es m\u00e1s f\u00e1cil para las empresas y para nosotros.<\/p>\n<p style=\"text-align: justify;\"><strong>IDM: 41 industrias ya firmaron acuerdos para avanzar en su reconversi\u00f3n tecnol\u00f3gica. \u00bfTodas fueron intimadas o alguna se present\u00f3 voluntariamente? <\/strong><\/p>\n<p style=\"text-align: justify;\"><strong>AS:<\/strong> Estamos trabajando con empresas que estaban en problemas sin necesidad de llegar a la intimaci\u00f3n. Muchas empresas se presentaron en presentaciones que hicimos junto con el ADA. Ninguna empresa quiere estar irregular, s\u00f3lo hay que darles herramientas para que realmente puedan ordenarse.<\/p>\n<p style=\"text-align: justify;\">Hace muchos a\u00f1os que trabajo con PYMES y lo que detect\u00e9 es (hablo de PYMES porque en su mayor\u00eda lo son) que estas empresas no quieren estar fuera de ley, pero la mayor\u00eda no tienen opci\u00f3n. Entonces hay que acompa\u00f1arlas y ayudarlas. Esta es la idea del plan, darles tiempo para que se puedan adaptarse acorde a la realidad de su econom\u00eda, porque si les ped\u00eds algo que es de imposible cumplimiento, no lo van a hacer. Incluso algunas empresas que en diferentes momentos trataron de modernizarse y dejar de contaminar, invirtiendo mucho dinero para instalar nuevas tecnolog\u00edas, hoy no las est\u00e1n usando porque despu\u00e9s no las pueden mantener econ\u00f3micamente, y eso tampoco sirve.<\/p>\n<p style=\"text-align: justify;\">Con este programa, en la asistencia t\u00e9cnica, que es gratuita, se ve todo el proceso, no solamente el vertido final. El programa ve todo el proceso productivo que adem\u00e1s analizado as\u00ed las empresas terminan ahorrando dinero. Digamos que lo que la empresa\u00a0 pone en inversi\u00f3n lo recupera en un menor uso de agua, de energ\u00eda, de insumos al principio de la cadena y reducen la cantidad de residuos que generan. Me parece que es un proceso interesante, virtuoso, que se deber\u00eda imponer en todas las empresas de este tipo.<\/p>\n<p style=\"text-align: justify;\"><strong>IDM: \u00bfQu\u00e9 significa para BA Desarrollo tener la \u00a0certificaci\u00f3n \u201cPRI: Principles for Responsible Investment\u201d?<\/strong><\/p>\n<p style=\"text-align: justify;\"><strong>AS<\/strong>: Somos la primera empresa en Argentina que lo tiene y hay pocas en Latinoam\u00e9rica. Es una iniciativa internacional que ya tiene 10 a\u00f1os, lo que busca es incorporar por lo menos 3 ejes de la definici\u00f3n de c\u00f3mo se invierte. Nosotros somos organizadores de las inversiones y coordinamos toda la estructura jur\u00eddica-financiera. Lo que se busca es que las inversiones tengan gobernanza, un sistema de transparencia abierto y un impacto ambiental y social positivo. Adem\u00e1s vinculamos a cada proyecto en el que trabajamos con los Objetivos de Desarrollo Sostenible (ODS) de Naciones Unidas.<\/p>\n<p style=\"text-align: justify;\"><strong>IDM: \u00bfC\u00f3mo funciona \u201cEmpecemos por casa\u201d? \u00bfCu\u00e1ntos municipios est\u00e1n incluidos?<\/strong><\/p>\n<p style=\"text-align: justify;\"><strong>AS:<\/strong> \u201cEmpecemos por casa\u201d es una plataforma online de e-commerce y educaci\u00f3n. Nosotros est\u00e1bamos trabajando mucho en lo que es T3 y T2, que en la jerga el\u00e9ctrica quiere decir \u201cgrandes consumidores\u201d o \u201cmunicipios\u201d, y nos faltaba el T1, el sector residencial. Cre\u00edamos que ah\u00ed ten\u00edamos que ayudar de alguna manera. Entonces, se nos ocurri\u00f3 armar esta plataforma que sobre todo es educativa. Desde all\u00ed ayudamos a que los usuarios vean el impacto real y genuino de c\u00f3mo tienen diagramados sus consumos el\u00e9ctricos en sus casas y c\u00f3mo pueden ahorrar.<\/p>\n<p style=\"text-align: justify;\">La idea es que haya productos dentro de esa plataforma que en principio te llegan a tu domicilio. Son productos con alta calidad. En BA, m\u00e1s all\u00e1 de facilitar las estructuras financieras y jur\u00eddicas, estudiamos tambi\u00e9n los criterios t\u00e9cnicos de las tecnolog\u00edas que proponemos. En todo lo que hacemos buscamos que los criterios de calidad sean de \u00faltima generaci\u00f3n y sean eficientes y eficaces. Buscamos que sean productos que duren, que tengan una garant\u00eda extendida. Por ejemplo, en el caso de los termotanques solares que es uno de los productos que tenemos en la plataforma, los mismos vienen con la instalaci\u00f3n y una garant\u00eda de largo plazo, buscando facilitarle la vida a los vecinos y darles tranquilidad.\u00a0 Y como hay carencia de instaladores de termotanques solares en Argentina, organizamos junto con la UOCRA, un programa de capacitaci\u00f3n para instaladores, que ya se lanz\u00f3 en el Municipio de Vicente L\u00f3pez.<\/p>\n<p style=\"text-align: justify;\">De esta manera el vecino puede comprar calidad y en cuotas, con precios m\u00e1s baratos que si van a un distribuidor normal, digamos a un supermercado o a una ferreter\u00eda. La propuesta es que primero aprenda y despu\u00e9s facilitarle el acceso a alguno de los productos que est\u00e1n dentro de la plataforma. Hoy tenemos iluminaci\u00f3n en todas sus formas y termotanques solares, y estamos viendo de incluir algunos aparatos de l\u00ednea blanca <em>inverter<\/em>, una tecnolog\u00eda que en Argentina acaba de venir, y que es muchos m\u00e1s eficiente que un etiquetado tipo A. Estamos tratando de hacer acuerdos con marcas que justamente tienen este tipo de tecnolog\u00edas.<\/p>\n<p style=\"text-align: justify;\">Por ahora solo estamos aplicando el programa en dos municipios porque la log\u00edstica detr\u00e1s de esto no es f\u00e1cil. Entonces preferimos ir tranquilos viendo c\u00f3mo funciona. En este momento estamos en Vicente L\u00f3pez y Pilar, lo lanzamos hace un mes m\u00e1s o menos. Cuando ingresas te piden tu c\u00f3digo postal, y pod\u00e9s jugar con la herramienta, pero si quer\u00e9s comprar no pod\u00e9s, ten\u00e9s que ser de la zona. Ahora estamos lanzando uno gen\u00e9rico para que todos puedan acceder y comprar, estamos preparando un lugar en Tecn\u00f3polis para agosto. Eso va a ser todo un desaf\u00edo.<\/p>\n<p style=\"text-align: justify;\"><strong>IDM: \u00bfTambi\u00e9n tienen propuestas para industrias?\u00a0<\/strong><\/p>\n<p style=\"text-align: justify;\"><strong>AS: <\/strong>Tenemos propuestas por adentro y por afuera de \u201cEmpecemos por casa\u201d. El \u201cEmpecemos por casa\u201d es iluminaci\u00f3n. Para industrias o grandes comercios hay que trabajar un customizado, se pide a trav\u00e9s de la Plataforma que vaya un t\u00e9cnico, y un grupo de especialistas hace gratuitamente el diagn\u00f3stico. Y si al empresario le gusta la propuesta, se organiza la financiaci\u00f3n. Y despu\u00e9s para lo que es eficiencia energ\u00e9tica, que es m\u00e1s que la iluminaci\u00f3n, ah\u00ed tenemos tambi\u00e9n una propuesta parecida a la de ADA, pero en eficiencia energ\u00e9tica, el mismo estilo, sin una autoridad de aplicaci\u00f3n en el medio, pero el mismo tipo de financiamiento blando.<\/p>\n<p style=\"text-align: justify;\"><strong>IDM: \u00bfEn lo que es saneamiento \u00bfarticulan trabajo con AySA?<\/strong><\/p>\n<p style=\"text-align: justify;\"><strong>AS:<\/strong> Hemos hablado varias veces con AySA pero no hemos podido tener casos de \u00e9xito todav\u00eda. No hemos podido avanzar en proyectos concretos como con el ADA, a pesar que hay muchas oportunidades para financiar proyectos bajo el formato de \u201cProject finance\u201d.<\/p>\n<p style=\"text-align: justify;\"><strong>IDM: \u00bfQu\u00e9 opina de la gesti\u00f3n de residuos en el AMBA? <\/strong><\/p>\n<p style=\"text-align: justify;\"><strong>AS:<\/strong> Creo que hay una oportunidad hist\u00f3rica de trabajar la gesti\u00f3n del tratamiento integral de los residuos, algo que en Argentina a\u00fan est\u00e1 ausente. Est\u00e1n dadas las caracter\u00edsticas, tanto de tecnolog\u00edas como de fuentes de financiamiento que permitan el desarrollo de proyectos bajo el modelo de \u201cProject finance\u201d. Hace 5 a\u00f1os por ah\u00ed no exist\u00edan tecnolog\u00edas accesibles econ\u00f3micamente, hoy est\u00e1n dadas las condiciones. Estos proyectos tienen que ser regionales porque se necesita escala para que sean econ\u00f3micamente viables, pero si se arma el grupo, el financiamiento est\u00e1. Hay varios municipios que est\u00e1n avanzando en esta v\u00eda. Aclaro como conclusi\u00f3n, que hay que migrar hacia modelos de no enterramiento, el suelo, es un bien escaso, y tiene que ser usado para otras funciones, como vivienda, esparcimiento, industrias.<strong>\u00a0<\/strong><\/p>\n<p style=\"text-align: justify;\"><strong>IDM: Desde la Fundaci\u00f3n sostenemos que las pol\u00edticas regionales son imprescindibles para el AMBA, un \u00e1rea que concentra el 48% del PBI y un 35% de la poblaci\u00f3n \u00bfQu\u00e9 opina de esto?<\/strong><\/p>\n<p style=\"text-align: justify;\"><strong>AS:<\/strong> La tendencia \u00faltimamente es ir de lo local a lo macro, dado que en lo macro se pierde parte del proceso. Lo regional, cuando hay problem\u00e1ticas concretas, es la \u00fanica forma de resolverlas. Un ejemplo de esto es el tema de los r\u00edos. Hay casos parecidos al de ACUMAR pero de otros r\u00edos y el problema es que la constituci\u00f3n delega a las provincias la potestad del cuidado de ellos, pero la pregunta es \u00bfqui\u00e9n es el due\u00f1o del recurso que no tiene un lugar fijo? Por ello, toda esa problem\u00e1tica requiere un trabajo interjurisdiccional. De hecho as\u00ed es en el resto del mundo, cuando te encontr\u00e1s con pol\u00edticas de estado que funcionan es porque hay una autoridad regional que las administra y\/o regula, por ejemplo, el Transit Authority del Tri State Area entre New York, New Jersey y Connecticut.<\/p>\n<p style=\"text-align: justify;\"><strong>IDM: Sostenemos que en este camino de lo regional es imprescindible la cooperaci\u00f3n interjurisdiccional, tanto transversal como horizontal. \u00bfEl grupo justamente tiene esta funci\u00f3n de articular pol\u00edticas desde la provincia hacia los municipios?<\/strong><\/p>\n<p style=\"text-align: justify;\"><strong>AS:<\/strong> Nuestro v\u00ednculo con los municipios es muy bueno. Trabajamos directamente sin ning\u00fan problema, no hay un tema de ideolog\u00eda pol\u00edtica, todo lo contrario. Nos reciben b\u00e1rbaro. Tenemos buen v\u00ednculo no s\u00f3lo con el poder ejecutivo, sino con el concejo deliberante, todos nuestros proyectos tienen que pasar por all\u00ed tambi\u00e9n.<\/p>\n<p style=\"text-align: justify;\"><strong>IDM: \u00bfConsidera que es positivo o negativo que Naci\u00f3n, Ciudad y Provincia tengan el mismo color pol\u00edtico? \u00bfQu\u00e9 opina de la COCAMBA?<\/strong><\/p>\n<p style=\"text-align: justify;\"><strong>AS:<\/strong> Por supuesto que siempre ayuda si te conoc\u00e9s. De todas maneras reitero que nosotros trabajamos con intendentes de diferente color pol\u00edtico y siempre somos bienvenidos. Por ah\u00ed lo que te da el conocimiento de uno y otro es que te conoc\u00e9s hace a\u00f1os y facilita parte del trabajo.<\/p>\n<p style=\"text-align: justify;\">Sobre la COCAMBA opino que est\u00e1 bien que haya un ente coordinador, pero si este no tiene el poder pol\u00edtico para ejercer y establecer pol\u00edticas de Estado, puede terminar en ser otra gran iniciativa que despu\u00e9s no puede ejercer. Recordemos que en estos temas la gesti\u00f3n es local: la basura, el agua y la cloaca son demandas locales. M\u00e1s all\u00e1 de qui\u00e9n haga las obras, la problem\u00e1tica es local, con lo cual tiene que haber una incidencia local en las definiciones. Y ojal\u00e1 la COCAMBA pueda tener ese rol coordinador de todas las demandas y se pueda avanzar en ejecutar pol\u00edticas de Estado vinculadas con las problem\u00e1ticas de infraestructura locales.<\/p>\n<p style=\"text-align: right;\">Entrevista Diego Pozzo<\/p>\n<p>&nbsp;<\/p>\n","protected":false},"excerpt":{"rendered":"<p>Es la Presidenta de la empresa del Grupo BAPRO, BA Desarrollo. Se especializ\u00f3 en sustentabilidad y cambio clim\u00e1tico. Es fundadora y Presidente de la Fundaci\u00f3n Ecomujeres. Lider\u00f3 la creaci\u00f3n de la APRA del GCBA. En esta entrevista nos cuenta como viene trabajando desde BA Desarrollo para mejorar el desarrollo sustentable de la Provincia de Buenos Aires, el v\u00ednculo con los municipios, los programas que vienen llevando adelante y m\u00e1s<\/p>\n","protected":false},"author":3,"featured_media":7336,"comment_status":"closed","ping_status":"closed","sticky":false,"template":"","format":"standard","meta":{"footnotes":""},"categories":[1648],"tags":[200,817,1660,651,1661,1539,1662],"class_list":["post-7332","post","type-post","status-publish","format-standard","has-post-thumbnail","hentry","category-2017-agosto","tag-acumar","tag-ada","tag-aleandra-scafati","tag-aysa","tag-ba-desarrollo","tag-cocamba","tag-grupo-bapro"],"aioseo_notices":[],"_links":{"self":[{"href":"https:\/\/metropolitana.org.ar\/idm\/wp-json\/wp\/v2\/posts\/7332","targetHints":{"allow":["GET"]}}],"collection":[{"href":"https:\/\/metropolitana.org.ar\/idm\/wp-json\/wp\/v2\/posts"}],"about":[{"href":"https:\/\/metropolitana.org.ar\/idm\/wp-json\/wp\/v2\/types\/post"}],"author":[{"embeddable":true,"href":"https:\/\/metropolitana.org.ar\/idm\/wp-json\/wp\/v2\/users\/3"}],"replies":[{"embeddable":true,"href":"https:\/\/metropolitana.org.ar\/idm\/wp-json\/wp\/v2\/comments?post=7332"}],"version-history":[{"count":0,"href":"https:\/\/metropolitana.org.ar\/idm\/wp-json\/wp\/v2\/posts\/7332\/revisions"}],"wp:featuredmedia":[{"embeddable":true,"href":"https:\/\/metropolitana.org.ar\/idm\/wp-json\/wp\/v2\/media\/7336"}],"wp:attachment":[{"href":"https:\/\/metropolitana.org.ar\/idm\/wp-json\/wp\/v2\/media?parent=7332"}],"wp:term":[{"taxonomy":"category","embeddable":true,"href":"https:\/\/metropolitana.org.ar\/idm\/wp-json\/wp\/v2\/categories?post=7332"},{"taxonomy":"post_tag","embeddable":true,"href":"https:\/\/metropolitana.org.ar\/idm\/wp-json\/wp\/v2\/tags?post=7332"}],"curies":[{"name":"wp","href":"https:\/\/api.w.org\/{rel}","templated":true}]}}